{"id":255,"date":"2021-02-10T07:54:10","date_gmt":"2021-02-10T06:54:10","guid":{"rendered":"https:\/\/www.alecerme.it\/raggi\/?p=255"},"modified":"2025-09-28T09:29:11","modified_gmt":"2025-09-28T09:29:11","slug":"ui-e-accademia-della-crusca","status":"publish","type":"post","link":"https:\/\/alecerme.it\/raggi\/ui-e-accademia-della-crusca\/","title":{"rendered":"AppIO e Accademia della crusca"},"content":{"rendered":"\n<p><\/p>\n\n\n\n<h2 class=\"wp-block-heading\">consigli su come comunicare all&#8217;interno di un prodotto<\/h2>\n\n\n\n<p>Fin dal suo esordio seguo con passione lo sviluppo del <a rel=\"noreferrer noopener\" href=\"https:\/\/teamdigitale.governo.it\/it\/chi-siamo\" data-type=\"URL\" data-id=\"https:\/\/teamdigitale.governo.it\/it\/chi-siamo\" target=\"_blank\">team per la trasformazione digitale<\/a>, nato nel 2016, per avviare la costruzione del \u201csistema operativo\u201d del Paese, una serie di componenti fondamentali sui quali costruire servizi pi\u00f9 semplici ed efficaci per i cittadini, la Pubblica Amministrazione e le imprese, attraverso prodotti digitali innovativi.<\/p>\n\n\n\n<p>Tra i progetti che ho seguito fin da subito, mi ha colpito quello sulle &#8220;Piattaforme abilitanti&#8221;, insieme di tecnologie che hanno lo scopo di diffondere servizi pubblici digitali standardizzati per accelerare il processo di digitalizzazione della Pubblica Amministrazione. Tra questi c&#8217;\u00e8 <strong>Cittadinanza digitale &#8211; App IO l&#8217;app dei servizi pubblici<\/strong>. <\/p>\n\n\n\n<p><a rel=\"noreferrer noopener\" href=\"https:\/\/medium.com\/team-per-la-trasformazione-digitale\/progetto-io-app-cittadino-servizi-pubblica-amministrazione-22e8bbfec3ed\" data-type=\"URL\" data-id=\"https:\/\/medium.com\/team-per-la-trasformazione-digitale\/progetto-io-app-cittadino-servizi-pubblica-amministrazione-22e8bbfec3ed\" target=\"_blank\">Qui<\/a> si pu\u00f2 trovare la &#8220;storia di Anna&#8221; e la presentazione di cosa si tratta l&#8217;App IO.<\/p>\n\n\n\n<p>Fin dal 2018, attraverso la <a rel=\"noreferrer noopener\" href=\"https:\/\/io.italia.it\/roadmap\/\" data-type=\"URL\" data-id=\"https:\/\/io.italia.it\/roadmap\/\" target=\"_blank\">roadmap di prodotto<\/a>, gli articoli su <a rel=\"noreferrer noopener\" href=\"https:\/\/medium.com\/blog-per-la-trasformazione-digitale\" data-type=\"URL\" data-id=\"https:\/\/medium.com\/blog-per-la-trasformazione-digitale\" target=\"_blank\">medium<\/a> e <a rel=\"noreferrer noopener\" href=\"https:\/\/github.com\/pagopa\/io-app\" data-type=\"URL\" data-id=\"https:\/\/github.com\/pagopa\/io-app\" target=\"_blank\">github<\/a>, ho seguito l&#8217;evolversi di questa applicazione e appena \u00e8 entrata nella fase di beta pubblica, primavera 2020, l&#8217;ho scaricata, testata e guardato con speranza il suo successo.<\/p>\n\n\n\n<p>Verso l&#8217;estate con il &#8220;Bonus Vacanze&#8221; e poi verso natale con il &#8220;Cashback&#8221; \u00e8 diventata &#8220;famosa e di cronaca&#8221; a livello nazionale. Molti giornali e articolisti subito pronti a sottolinearne i difetti. Mi ha colpito per\u00f2 la prontezza del team per la trasformazione digitale, sulla rapidit\u00e0 di risposta alle critiche non solo nelle parole, ma anche nei fatti rispetto alle problematiche avute. Difficile, a mio modo di vedere come cittadino, trovare in altri settori della pubblica amministrazione una velocit\u00e0 di risposta attiva e non solo a parole di questo genere. <\/p>\n\n\n\n<p>Tra le tante critiche, cito <a rel=\"noreferrer noopener\" href=\"https:\/\/accademiadellacrusca.it\/it\/contenuti\/gruppo-incipit-comunicato-n-15-lapplicazione-io-della-pubblica-amministrazione\/8094\" target=\"_blank\">questo articolo<\/a> dell&#8217;Accademia della Crusca, uno dei principali punti di riferimento per le ricerche sulla lingua italiana, rispetto la comunicazione inserita all&#8217;interno del Play Store rispetto al testo dell\u2019aggiornamento dell\u2019app IO.<\/p>\n\n\n\n<div class=\"wp-block-image\"><figure class=\"aligncenter\"><img decoding=\"async\" src=\"https:\/\/accademiadellacrusca.it\/Media?c=1c12a5ff-164f-4b8f-889c-a5cc1523d035\" alt=\"\"\/><figcaption>testo di aggiornamento sul Play Store 3\/12<\/figcaption><\/figure><\/div>\n\n\n\n<p>L&#8217;accademia, nel suo comunicato propone una versione meno tecnica dello stesso:<\/p>\n\n\n\n<p>Novit\u00e0<\/p>\n\n\n\n<p>&#8211; adesso si pu\u00f2 chiedere assistenza per caricare una carta di credito.<br>&#8211; quando si digita il numero della carta di credito, appare il marchio del circuito di pagamento<br>&#8211; il nome della sezione \u201cpagamenti\u201d \u00e8 stato cambiato in \u201cportafoglio\u201d<br>&#8211; \u00e8 stato aggiornato il fac-simile dell\u2019avviso di pagamento<br>&#8211; sono stati migliorati i messaggi di pagamento e scadenza<br>&#8211; \u00e8 stato tolto il campo \u201cimporto\u201d dal modulo che serve a inserire manualmente un pagamento<\/p>\n\n\n\n<p>Il problema credo sia centrale nei contenuti e ben recepito dei responsabili dell\u2019app: \u201c<em>Gentile Accademia della Crusca, grazie davvero del suggerimento. Apprezziamo molto il vostro lavoro<\/em>\u201c, scrivono i responsabili dell\u2019applicazione spiegando come le informazioni sul funzionamento di IO siano disponibili sul loro sito con una serie di domande e risposte utili. \u201c<em>E\u2019 inevitabile che il testo degli sviluppatori contenga tecnicismi in quanto \u00e8 anche una spiegazione per gli addetti&nbsp;dell\u2019app&nbsp;store che devono effettuare una revisione della nuova versione. Abbiamo comunque segnalato ai nostri sviluppatori il vostro suggerimento e sicuramente ci impegneremo a migliorare<\/em>\u201d.<\/p>\n\n\n\n<p>Trovo per\u00f2 un peccato, che accanto alla mera critica, non sia stato fatto un passo in pi\u00f9 dall&#8217;accademia, sottolineando come in realt\u00e0 sarebbe bastato applicare anche a quella comunicazione, le\u00a0ottime e dettagliate <a href=\"https:\/\/docs.italia.it\/italia\/designers-italia\/design-linee-guida-docs\/it\/stabile\/doc\/content-design\/linguaggio.html\">linee guida sull\u2019uso del linguaggio (e il design) del web nella PA\u00a0<\/a>. Come \u00e8 stato sottolineato in <a rel=\"noreferrer noopener\" href=\"https:\/\/forum.italia.it\/t\/consigli-di-comunicazione-per-io-dallaccademia-della-crusca\/18502\" data-type=\"URL\" data-id=\"https:\/\/forum.italia.it\/t\/consigli-di-comunicazione-per-io-dallaccademia-della-crusca\/18502\" target=\"_blank\">questa discussione<\/a> all&#8217;interno di <a rel=\"noreferrer noopener\" href=\"https:\/\/forum.italia.it\/\" target=\"_blank\">forum.italia.it<\/a> uno spazio aperto di discussione sui servizi pubblici digitali.<\/p>\n\n\n\n<p>Anche nella mia vita di tutti i giorni, il tema di comunicare esternamente in modo comprensibile quanto sviluppato, \u00e8 centrale sia internamente che esternamente. In un prossimo articolo scriver\u00f2 di quali strumenti si possono usare in un prodotto digitale per comunicare i vari incrementi e novit\u00e0.<\/p>\n\n\n\n<p>Se siete interessati, a capire un p\u00f2 di pi\u00f9 il lavoro del Commissario Straordinario per l&#8217;attuazione dell&#8217;Agenda Digitale vi consiglio questo video.<\/p>\n\n\n\n<iframe loading=\"lazy\" width=\"100%\" height=\"400\" src=\"https:\/\/www.youtube-nocookie.com\/embed\/SK-lS4Mw-p8?controls=1&amp;start=48\" frameborder=\"0\" allow=\"accelerometer; autoplay; clipboard-write; encrypted-media; gyroscope; picture-in-picture\" allowfullscreen=\"\"><\/iframe>\n\n\n\n<p><\/p>\n","protected":false},"excerpt":{"rendered":"<p>Fin dal 2018, attraverso la roadmap di prodotto, gli articoli su medium e github, ho seguito l&#8217;evolversi dell&#8217; applicazione App IO e appena e appena \u00e8 entrata nella fase di beta pubblica, primavera 2020, l&#8217;ho scaricata, testata e guardato con speranza il suo successo.<\/p>\n","protected":false},"author":1,"featured_media":523,"comment_status":"closed","ping_status":"closed","sticky":false,"template":"","format":"standard","meta":{"footnotes":""},"categories":[28,45],"tags":[48,46,49,47],"class_list":["post-255","post","type-post","status-publish","format-standard","has-post-thumbnail","hentry","category-comunicazione","category-user-interface","tag-app","tag-appio","tag-linee-guida","tag-trasformazione-digitale"],"_links":{"self":[{"href":"https:\/\/alecerme.it\/raggi\/wp-json\/wp\/v2\/posts\/255","targetHints":{"allow":["GET"]}}],"collection":[{"href":"https:\/\/alecerme.it\/raggi\/wp-json\/wp\/v2\/posts"}],"about":[{"href":"https:\/\/alecerme.it\/raggi\/wp-json\/wp\/v2\/types\/post"}],"author":[{"embeddable":true,"href":"https:\/\/alecerme.it\/raggi\/wp-json\/wp\/v2\/users\/1"}],"replies":[{"embeddable":true,"href":"https:\/\/alecerme.it\/raggi\/wp-json\/wp\/v2\/comments?post=255"}],"version-history":[{"count":8,"href":"https:\/\/alecerme.it\/raggi\/wp-json\/wp\/v2\/posts\/255\/revisions"}],"predecessor-version":[{"id":268,"href":"https:\/\/alecerme.it\/raggi\/wp-json\/wp\/v2\/posts\/255\/revisions\/268"}],"wp:featuredmedia":[{"embeddable":true,"href":"https:\/\/alecerme.it\/raggi\/wp-json\/wp\/v2\/media\/523"}],"wp:attachment":[{"href":"https:\/\/alecerme.it\/raggi\/wp-json\/wp\/v2\/media?parent=255"}],"wp:term":[{"taxonomy":"category","embeddable":true,"href":"https:\/\/alecerme.it\/raggi\/wp-json\/wp\/v2\/categories?post=255"},{"taxonomy":"post_tag","embeddable":true,"href":"https:\/\/alecerme.it\/raggi\/wp-json\/wp\/v2\/tags?post=255"}],"curies":[{"name":"wp","href":"https:\/\/api.w.org\/{rel}","templated":true}]}}