{"id":351,"date":"2022-10-17T03:44:59","date_gmt":"2022-10-17T01:44:59","guid":{"rendered":"https:\/\/www.alecerme.it\/raggi\/?p=351"},"modified":"2025-10-31T04:08:45","modified_gmt":"2025-10-31T04:08:45","slug":"italian-agile-day-2022-brescia","status":"publish","type":"post","link":"https:\/\/alecerme.it\/raggi\/italian-agile-day-2022-brescia\/","title":{"rendered":"Italian Agile Day 2022 &#8211; Brescia"},"content":{"rendered":"\n<p>Il <strong>14 e 15 Ottobre 2022 a Brescia si \u00e8 svolta l&#8217;<a href=\"https:\/\/www.agileday.it\/\" target=\"_blank\" rel=\"noreferrer noopener\">Italian Agile Day<\/a><\/strong>, la principale conferenza italiana rivolta a persone interessate alle pratiche Agile e Lean, ecco il mio punto di vista.<\/p>\n\n\n\n<p>Dopo 2 anni di conferenza online, a causa delle restrizioni sanitarie e tutela della salute dei partecipanti, \u00e8 stato <strong>molto bello poter ritrovarsi di nuovo in presenza con la comunit\u00e0 <\/strong>di persone che animano questa conferenza. Trovo inoltre sempre bello e d&#8217;ispirazione come la conferenza sia anche un&#8217;occasione che gli organizzatori del <a href=\"https:\/\/agilemovement.it\/\" target=\"_blank\" rel=\"noreferrer noopener\">Italian Agile Movement<\/a> utilizzino per aprirsi alle realt\u00e0 del territorio in cui la conferenza viene ospitata, in questo caso Brescia con la sua universit\u00e0 e il CSMT &#8211; Centro Servizi Multisettoriale e Tecnologico.<\/p>\n\n\n\n<p>Un altro aspetto che trovo interessante \u00e8 la scelta, attraverso delle partnership con delle scuole professionali, di poter far sperimentare a dei ragazzi delle scuole superiori la gestione del catering o il supporto nelle aule agli speaker. Un grazie va sicuramente a loro, oltre che agli organizzatori, volontari, speaker e aziende sponsor, che permettono di realizzare un evento di qualit\u00e0 e totalmente gratuito per i partecipanti.<\/p>\n\n\n\n<h2 class=\"wp-block-heading\">Takeway list<\/h2>\n\n\n\n<p>Questa conferenza mi ha permesso di avere molti stimoli e confronti con figure professionali del mio settore e non. Di incontrare nuove persone o rincontrare professionisti conosciuti nel tempo.<\/p>\n\n\n\n<p>Ecco una primissima lista di spunti interessanti che mi porto a casa da approfondire e su cui studiare e riflettere.<\/p>\n\n\n\n<h2 class=\"wp-block-heading has-text-align-center\">Workshop di Venerd\u00ec 14<\/h2>\n\n\n\n<div class=\"wp-block-media-text is-stacked-on-mobile\"><figure class=\"wp-block-media-text__media\"><img decoding=\"async\" src=\"https:\/\/www.alecerme.it\/raggi\/wp-content\/uploads\/2022\/10\/IMG_20221014_092654.jpg\" alt=\"\" class=\"wp-image-352 size-full\"\/><\/figure><div class=\"wp-block-media-text__content\">\n<p><strong>Sviluppo Outside-In guidato dai test di Marco Consolaro e Alessandro Di Gioia<\/strong><\/p>\n\n\n\n<p>Lo sviluppo OUTSIDE -&gt; IN guidato dai test fatto di fishbowl Mob, ATDD, BDD e TDD. Con alla fine del workshop tutti i flag verdi!<\/p>\n<\/div><\/div>\n\n\n\n<div class=\"wp-block-media-text has-media-on-the-right is-stacked-on-mobile\"><div class=\"wp-block-media-text__content\">\n<p><strong>Agile Portfolio Management in pratica si Stefano Leli e Pino<a href=\"https:\/\/www.agilebusinessday.com\/speakers\/pino-decandia-2\/\"> <\/a>Decandia<\/strong><\/p>\n\n\n\n<p><span style=\"font-size: 1.1875rem;\">Un possibile approccio Agile al Portfolio Management sperimentato in pratica, dove attraverso una scala di prioritizzazione condivisa e una format di condivisione delle iniziative, si possono valutare meglio e scegliere i goal aziendali in modo pi\u00f9 consapevole e focalizzato.<\/span><\/p>\n<\/div><figure class=\"wp-block-media-text__media\"><img decoding=\"async\" src=\"https:\/\/www.alecerme.it\/raggi\/wp-content\/uploads\/2022\/10\/IMG_20221014_150557.jpg\" alt=\"\" class=\"wp-image-353 size-full\"\/><\/figure><\/div>\n\n\n\n<hr class=\"wp-block-separator has-alpha-channel-opacity\"\/>\n\n\n\n<h2 class=\"wp-block-heading\">Conferenza di Sabato 15<\/h2>\n\n\n\n<div class=\"wp-block-media-text alignwide is-stacked-on-mobile\" style=\"grid-template-columns:30% auto\"><figure class=\"wp-block-media-text__media\"><img decoding=\"async\" src=\"https:\/\/www.alecerme.it\/raggi\/wp-content\/uploads\/2022\/10\/IMG_20221015_100448.jpg\" alt=\"\" class=\"wp-image-354 size-full\"\/><\/figure><div class=\"wp-block-media-text__content\">\n<h6 class=\"wp-block-heading\">Myth busting in Agile Scaling di Nigel Thurlow<\/h6>\n\n\n\n<p>Per ottimizzare il Flow e il valore erogato al cliente, non basta ottimizzare una parte dell&#8217;azienda, ma essendo il valore cross dipartimenti e diffuso in tutta l&#8217;azienda, le persone, le tecnologie e le skill, bisogna ottimizzare e far evolvere tutto il ciclo produttivo dai bisogni dei clienti ai prodotti erogati al cliente.<\/p>\n<\/div><\/div>\n\n\n\n<div class=\"wp-block-media-text alignwide has-media-on-the-right is-stacked-on-mobile\" style=\"grid-template-columns:auto 30%\"><div class=\"wp-block-media-text__content\">\n<h6 class=\"wp-block-heading\">Why Agile Transformations Fail (and what to do about it) di Andrea Provaglio<\/h6>\n\n\n\n<p>Una riflessione sul perch\u00e9 le transizioni agili possono fallire e come coach, scrum master o agenti della trasformazioni possiamo indirizzarci per far si che non accada. <br><\/p>\n\n\n\n<p>&#8220;Non essere solo abbracciatori di alberi&#8221; focalizzandosi anche sul business e non solo sulle persone.<\/p>\n\n\n\n<p>&#8220;La cosa pi\u00f9 agile che c&#8217;\u00e8 in azienda, sono le persone! Agile \u00e8 un modo di pensare&#8221;<\/p>\n<\/div><figure class=\"wp-block-media-text__media\"><img decoding=\"async\" src=\"https:\/\/www.alecerme.it\/raggi\/wp-content\/uploads\/2022\/10\/IMG_20221015_111022.jpg\" alt=\"\" class=\"wp-image-355 size-full\"\/><\/figure><\/div>\n\n\n\n<div class=\"wp-block-media-text alignwide is-stacked-on-mobile\" style=\"grid-template-columns:30% auto\"><figure class=\"wp-block-media-text__media\"><img decoding=\"async\" src=\"https:\/\/www.alecerme.it\/raggi\/wp-content\/uploads\/2022\/10\/IMG_20221015_114634.jpg\" alt=\"\" class=\"wp-image-356 size-full\"\/><\/figure><div class=\"wp-block-media-text__content\">\n<h6 class=\"wp-block-heading\">Zettelkasten. Imparare a imparare in un mondo che cambia di Marcello Del Bono<\/h6>\n\n\n\n<p>L&#8217;obiettivo che mi sono dato con questo blog \u00e8 di sistematizzare e mettere gi\u00f9 in forma scritta tutto quello che leggo, vedo e a cui partecipo sulle tematiche che mi interessano. in questo talk \u00e8 stato spiegato da Marcello una tecnica molto interessante: Lo Zettelkasten cio\u00e8 un sistema di&nbsp;<em>Personal Knowledge Management<\/em>&nbsp;(gestione della conoscenza personale) che fu largamente usato dal sociologo Niklas Luhmann. <\/p>\n\n\n\n<p>Tecnica che mi sono promesso di approfondire e su cui fare un articolo del blog.<\/p>\n<\/div><\/div>\n\n\n\n<div class=\"wp-block-media-text alignwide has-media-on-the-right is-stacked-on-mobile\" style=\"grid-template-columns:auto 30%\"><div class=\"wp-block-media-text__content\">\n<h6 class=\"wp-block-heading\">Caro coach, probabilmente stai sbagliando approccio di Matteo Vaccari<\/h6>\n\n\n\n<p>In dieci minuti Matteo, prendendo spunto da tre romanzi sulla trasformazione aglie, ha evidenziato di cosa un leader necessita per trasformare un azienda. <br><br>In continuit\u00e0 con il secondo talk, mi porto a casa questi 2 elementi importanti:<\/p>\n\n\n\n<ul class=\"wp-block-list\">\n<li>rendersi personalmente responsabili dell&#8217;esecuzione di una trasformazione agile<\/li>\n\n\n\n<li>studiare in modo da avere una borsa degli attrezzi pi\u00f9 larga possibile<\/li>\n<\/ul>\n<\/div><figure class=\"wp-block-media-text__media\"><img decoding=\"async\" src=\"https:\/\/www.alecerme.it\/raggi\/wp-content\/uploads\/2022\/10\/IMG_20221015_122633.jpg\" alt=\"\" class=\"wp-image-357 size-full\"\/><\/figure><\/div>\n\n\n\n<div class=\"wp-block-media-text alignwide is-stacked-on-mobile\" style=\"grid-template-columns:30% auto\"><figure class=\"wp-block-media-text__media\"><img decoding=\"async\" src=\"https:\/\/www.alecerme.it\/raggi\/wp-content\/uploads\/2022\/10\/IMG_20221015_123937.jpg\" alt=\"\" class=\"wp-image-358 size-full\"\/><\/figure><div class=\"wp-block-media-text__content\">\n<h6 class=\"wp-block-heading\">Green principles, cosa sono e come impattano di Francesco Fullone<\/h6>\n\n\n\n<p>In dieci minuti di talk Francesco, in modo preciso, citando dati e spiegando in modo semplice ma puntale pone la domanda: &#8220;Se la sostenibilit\u00e0 ambientale non fosse solo tema esterno al software?&#8221;<\/p>\n\n\n\n<p>Attraverso la presentazione dei <a href=\"https:\/\/principles.green\/\" target=\"_blank\" rel=\"noreferrer noopener\">Green Software Principle<\/a> e della <a href=\"https:\/\/greensoftware.foundation\/\" target=\"_blank\" rel=\"noreferrer noopener\">Green Software Fondation<\/a> mi ha illuminato.<\/p>\n\n\n\n<p>Anche qui mi son promesso di approfondire e di fare un articolo del blog in merito, oltre che a sensibilizzare i mie colleghi su tema.<br><\/p>\n<\/div><\/div>\n\n\n\n<div class=\"wp-block-media-text alignwide has-media-on-the-right is-stacked-on-mobile\" style=\"grid-template-columns:auto 30%\"><div class=\"wp-block-media-text__content\">\n<h6 class=\"wp-block-heading\">Cosa ne facciamo adesso che non serve pi\u00f9? di Francesco Racanati<\/h6>\n\n\n\n<p>Una potente riflessione su un episodio storico importante come il <a href=\"https:\/\/it.wikipedia.org\/wiki\/Progetto_Manhattan\" target=\"_blank\" rel=\"noreferrer noopener\">progetto manhattan<\/a> cercando di rispondere alla domanda: &#8220;in che modo possiamo evitare che questo avvenga?&#8221;.<\/p>\n\n\n\n<p>Validare le idee e raccogliere il feedback restano pilastri centrali della risposta.<\/p>\n\n\n\n<p>Il racconto mi ha fatto molto pensare all&#8217;impatto che il mio lavoro e professionalit\u00e0 pu\u00f2 avere in un ambito sensibile e distante da quelli di cui mi occupo abitualmente.<\/p>\n<\/div><figure class=\"wp-block-media-text__media\"><img decoding=\"async\" src=\"https:\/\/www.alecerme.it\/raggi\/wp-content\/uploads\/2022\/10\/1665831820909.jpeg\" alt=\"Cosa ne facciamo adesso che non serve pi\u00f9?\" class=\"wp-image-359 size-full\"\/><\/figure><\/div>\n\n\n\n<div class=\"wp-block-media-text alignwide is-stacked-on-mobile\" style=\"grid-template-columns:30% auto\"><figure class=\"wp-block-media-text__media\"><img decoding=\"async\" src=\"https:\/\/www.alecerme.it\/raggi\/wp-content\/uploads\/2022\/10\/IMG_20221015_144630.jpg\" alt=\"\" class=\"wp-image-360 size-full\"\/><\/figure><div class=\"wp-block-media-text__content\">\n<h6 class=\"wp-block-heading\">Affecting change from the back of the room di Piergiorgio Grossi<\/h6>\n\n\n\n<p>Un talk esperienziale molto interessante, che evidenzia perch\u00e9 il cambiamento avvenga, in una organizzazione consolidata, \u00e8 necessario creare una relazione con i singoli attori, ad un piano che abbia senso per loro dal neo assunto al amministratore delegato. <\/p>\n\n\n\n<p>Una carrellata di consigli da chi ha lavorato in Ferrari, Ducati ed ora in Credem:<\/p>\n\n\n\n<ul class=\"wp-block-list\">\n<li>parti da quello che hai<\/li>\n\n\n\n<li>ogni team ha bisogno di una storia<\/li>\n\n\n\n<li>il manager ha la responsabilit\u00e0 dell&#8217;energia del team<\/li>\n\n\n\n<li>non aggiungere strati<\/li>\n\n\n\n<li>gli strumenti non sono tutti sullo scaffale<\/li>\n\n\n\n<li>quando funziona i team non sono pi\u00f9 solo interessati al &#8220;cosa&#8221; ma anche al &#8220;come&#8221;<\/li>\n\n\n\n<li>solo chi muove le mani pu\u00f2 parlare<\/li>\n\n\n\n<li>spesso la leadership e le competenze non scalano. attenzione ai talenti.<\/li>\n<\/ul>\n<\/div><\/div>\n\n\n\n<div class=\"wp-block-media-text alignwide has-media-on-the-right is-stacked-on-mobile\" style=\"grid-template-columns:auto 30%\"><div class=\"wp-block-media-text__content\">\n<h6 class=\"wp-block-heading\">Cos&#8217;\u00e8 la Felicit\u00e0 per te? di Alessandro Colla<\/h6>\n\n\n\n<p>Talk molto interessante e bello sulla felicit\u00e0 e come allenarla. Alcuni concetti li avevo gi\u00e0 affrontati nel corso <em><a href=\"https:\/\/www.coursera.org\/learn\/the-science-of-well-being\" target=\"_blank\" rel=\"noreferrer noopener nofollow\">The Science of Well-Being<\/a><\/em> di Laurie Santos (che tra l&#8217;altro consiglia anche Alessandro). Eccone alcuni in ordine sparso:<\/p>\n\n\n\n<p>La felicit\u00e0 si pu\u00f2 cercare di misurare scientificamente con il test PERMA. E&#8217; un test fattibile anche online.<\/p>\n\n\n\n<p>Tendiamo come esseri umani a sovrastimare l&#8217;impatto negativo su di noi come forza e tempo.<\/p>\n\n\n\n<p>La maggior parte delle cose che pensiamo ci rendano felici poi alla fine non lo fanno cos\u00ec tanto.<\/p>\n\n\n\n<p>&#8220;Non investire in cose&#8221;, passato l&#8217;effetto meraviglia, la felicit\u00e0 sparisce. &#8220;Investire in esperienze&#8221; invece ci porta ad essere pi\u00f9 felici. <\/p>\n\n\n\n<p>Alessandro spiega poi tecniche per far perdurare la felicit\u00e0 dopo un esperienza, come la tecnica del &#8220;savoring&#8221; cio\u00e8 dell&#8217;assaporare l&#8217;esperienza fermandosi un attimo, che porta fino a 4 settimane in pi\u00f9 la felicit\u00e0 derivante da quell&#8217;esperienza.<\/p>\n<\/div><figure class=\"wp-block-media-text__media\"><img decoding=\"async\" src=\"https:\/\/www.alecerme.it\/raggi\/wp-content\/uploads\/2022\/10\/IMG_20221015_160007.jpg\" alt=\"\" class=\"wp-image-361 size-full\"\/><\/figure><\/div>\n\n\n\n<div class=\"wp-block-media-text alignwide is-stacked-on-mobile\" style=\"grid-template-columns:30% auto\"><figure class=\"wp-block-media-text__media\"><img decoding=\"async\" src=\"https:\/\/www.alecerme.it\/raggi\/wp-content\/uploads\/2022\/10\/IMG_20221015_171857.jpg\" alt=\"\" class=\"wp-image-363 size-full\"\/><\/figure><div class=\"wp-block-media-text__content\">\n<h6 class=\"wp-block-heading\">Domandare, sentire, evolvere di Mattia Rapisarda<\/h6>\n\n\n\n<p>Le domande sono un tassello importante del nostro lavoro come professionisti, ma non sempre riusciamo a fare quelle giuste.<\/p>\n\n\n\n<p>Mattia evidenzia alcuni punti per rispondere alla domanda di come si possa evolvere in un organizzazione in modo consapevole, partendo da tre parole chiave:<\/p>\n\n\n\n<ul class=\"wp-block-list\">\n<li>Domandare<\/li>\n\n\n\n<li>Sentire<\/li>\n\n\n\n<li>Evolvere<\/li>\n<\/ul>\n<\/div><\/div>\n\n\n\n<h2 class=\"wp-block-heading\">In conclusione<\/h2>\n\n\n\n<p>Ci sono tanti altri talk a cui mi sarebbe piaciuto partecipare, ma ho dovuto fare delle scelte. Sicuramente appena usciranno i video li guarder\u00f2 al fine di avere anche da essi uno stimolo.<br><br>Il ritrovarsi, il raccogliere spunti, le chiacchere e il networking nei momenti di pausa e durante il pranzo, sono tutti elementi positivi per partecipare. <\/p>\n\n\n\n<p>Come credo gi\u00e0 da tempo e durante un talk, mi \u00e8 stato confermato scientificamente, &#8220;quest&#8217;esperienza&#8221; dona oltre che competenze e relazione, una sensazione di benessere e felicit\u00e0. Questo articolo \u00e8 il primo passo pratico per fare &#8220;savoring&#8221; del momento.<\/p>\n\n\n\n<p><\/p>\n","protected":false},"excerpt":{"rendered":"<p>Il 14 e 15 Ottobre 2022 a Brescia si \u00e8 svolta l&#8217;Italian Agile Day, la principale conferenza italiana rivolta a persone interessate alle pratiche Agile e Lean, ecco il mio&#8230;<\/p>\n","protected":false},"author":1,"featured_media":514,"comment_status":"closed","ping_status":"closed","sticky":false,"template":"","format":"standard","meta":{"footnotes":""},"categories":[22,61,62,60,55],"tags":[],"class_list":["post-351","post","type-post","status-publish","format-standard","has-post-thumbnail","hentry","category-agile","category-conferenza","category-iad","category-lista","category-miglioramento-continuo"],"_links":{"self":[{"href":"https:\/\/alecerme.it\/raggi\/wp-json\/wp\/v2\/posts\/351","targetHints":{"allow":["GET"]}}],"collection":[{"href":"https:\/\/alecerme.it\/raggi\/wp-json\/wp\/v2\/posts"}],"about":[{"href":"https:\/\/alecerme.it\/raggi\/wp-json\/wp\/v2\/types\/post"}],"author":[{"embeddable":true,"href":"https:\/\/alecerme.it\/raggi\/wp-json\/wp\/v2\/users\/1"}],"replies":[{"embeddable":true,"href":"https:\/\/alecerme.it\/raggi\/wp-json\/wp\/v2\/comments?post=351"}],"version-history":[{"count":20,"href":"https:\/\/alecerme.it\/raggi\/wp-json\/wp\/v2\/posts\/351\/revisions"}],"predecessor-version":[{"id":544,"href":"https:\/\/alecerme.it\/raggi\/wp-json\/wp\/v2\/posts\/351\/revisions\/544"}],"wp:featuredmedia":[{"embeddable":true,"href":"https:\/\/alecerme.it\/raggi\/wp-json\/wp\/v2\/media\/514"}],"wp:attachment":[{"href":"https:\/\/alecerme.it\/raggi\/wp-json\/wp\/v2\/media?parent=351"}],"wp:term":[{"taxonomy":"category","embeddable":true,"href":"https:\/\/alecerme.it\/raggi\/wp-json\/wp\/v2\/categories?post=351"},{"taxonomy":"post_tag","embeddable":true,"href":"https:\/\/alecerme.it\/raggi\/wp-json\/wp\/v2\/tags?post=351"}],"curies":[{"name":"wp","href":"https:\/\/api.w.org\/{rel}","templated":true}]}}